{"id":7503,"date":"2014-03-10T22:19:39","date_gmt":"2014-03-10T21:19:39","guid":{"rendered":"http:\/\/stammkoenigartus.de\/?p=7503"},"modified":"2023-02-04T09:29:04","modified_gmt":"2023-02-04T08:29:04","slug":"bericht-kinderfasching-2014","status":"publish","type":"post","link":"https:\/\/stammkoenigartus.de\/?p=7503","title":{"rendered":"Bericht Kinderfasching 2014"},"content":{"rendered":"\n\n\n<p>Nach einigen vielen und langen Vorbereitungen startete am 23.02.2014 der Kinderfasching \u201eABENTEUERLAND\u201c in der Radspitzscheune in Seibelsdorf. Viele Highlights waren am Start. So gab es Dank der Sippe Iwain und einigen Elternteilen frische Schokofr\u00fcchte, wir hatten eine riesen Tombola am Start und Faschingsk\u00f6nig Willi Pechtold begeisterte die vielen Kids, die gekommen waren. Ein gro\u00dfer Dank gilt allen Eltern, Sipplingen und Gruppenf\u00fchrern die bei diesem Fasching tatkr\u00e4ftig mitgeholfen haben! Ohne euch w\u00e4re die Organisation nicht m\u00f6glich gewesen! Ein riesen Dank auch an unsere beiden Animatoren Tim Bauer und Christoph Scheller. Beide bereiteten diesen Nachmittag in Eigenregie vor. Die Spiele, die wir boten, waren gigantisch und bereiteten allen Kids riesen Freude. Dank an die beiden f\u00fcr diese super Leitung! Der Kinderfasching erfreut sich allgemein immer gr\u00f6\u00dferer Beliebtheit. In diesem Jahr kamen so viele Leute wie in noch keinem davor. In der ersten Stunde gingen 100 Tombolalose raus. Wir verkauften 80 Laugengeb\u00e4cke, 7 Kuchen und \u00fcber 10 Liter Kaffee. 70 Spie\u00dfe mit Schokofr\u00fcchten und \u00fcber 50 paar Wiener gingen raus. Ein super Ergebnis! Ich m\u00f6chte daher euch danken. Ihr, die die Werbung gemacht habt, die daf\u00fcr gesorgt habt, dass die Kids die Flyer verteilen. Ebenfalls Dank an Familie Hader, welche die Verteilung f\u00fcr Oberrodach und Gro\u00dfvichtach \u00fcbernahmen! Viele Bilder gibt es wie immer auf www.stammkoenigartus.de!<\/p>\n<p>Euer Felix<\/p>\n","protected":false},"excerpt":{"rendered":"<p>Nach einigen vielen und langen Vorbereitungen startete am 23.02.2014 der Kinderfasching \u201eABENTEUERLAND\u201c in der Radspitzscheune in Seibelsdorf. Viele Highlights waren am Start. So gab es &hellip;<\/p>\n","protected":false},"author":2,"featured_media":17911,"comment_status":"open","ping_status":"open","sticky":false,"template":"","format":"standard","meta":{"_monsterinsights_skip_tracking":false,"_monsterinsights_sitenote_active":false,"_monsterinsights_sitenote_note":"","_monsterinsights_sitenote_category":0,"footnotes":""},"categories":[135,136,132,130,131],"tags":[28,108,110,38,48,58,62],"class_list":["post-7503","post","type-post","status-publish","format-standard","has-post-thumbnail","hentry","category-oeffentliche-aktionen","category-pfadfinder","category-rover","category-unsere-aktionen","category-woelflinge","tag-action","tag-fasching","tag-freundeskreis","tag-homepage","tag-pfadfinderei","tag-viele-leute","tag-wetter"],"aioseo_notices":[],"_links":{"self":[{"href":"https:\/\/stammkoenigartus.de\/index.php?rest_route=\/wp\/v2\/posts\/7503","targetHints":{"allow":["GET"]}}],"collection":[{"href":"https:\/\/stammkoenigartus.de\/index.php?rest_route=\/wp\/v2\/posts"}],"about":[{"href":"https:\/\/stammkoenigartus.de\/index.php?rest_route=\/wp\/v2\/types\/post"}],"author":[{"embeddable":true,"href":"https:\/\/stammkoenigartus.de\/index.php?rest_route=\/wp\/v2\/users\/2"}],"replies":[{"embeddable":true,"href":"https:\/\/stammkoenigartus.de\/index.php?rest_route=%2Fwp%2Fv2%2Fcomments&post=7503"}],"version-history":[{"count":3,"href":"https:\/\/stammkoenigartus.de\/index.php?rest_route=\/wp\/v2\/posts\/7503\/revisions"}],"predecessor-version":[{"id":17912,"href":"https:\/\/stammkoenigartus.de\/index.php?rest_route=\/wp\/v2\/posts\/7503\/revisions\/17912"}],"wp:featuredmedia":[{"embeddable":true,"href":"https:\/\/stammkoenigartus.de\/index.php?rest_route=\/wp\/v2\/media\/17911"}],"wp:attachment":[{"href":"https:\/\/stammkoenigartus.de\/index.php?rest_route=%2Fwp%2Fv2%2Fmedia&parent=7503"}],"wp:term":[{"taxonomy":"category","embeddable":true,"href":"https:\/\/stammkoenigartus.de\/index.php?rest_route=%2Fwp%2Fv2%2Fcategories&post=7503"},{"taxonomy":"post_tag","embeddable":true,"href":"https:\/\/stammkoenigartus.de\/index.php?rest_route=%2Fwp%2Fv2%2Ftags&post=7503"}],"curies":[{"name":"wp","href":"https:\/\/api.w.org\/{rel}","templated":true}]}}