{"id":7531,"date":"2014-03-22T22:01:44","date_gmt":"2014-03-22T21:01:44","guid":{"rendered":"http:\/\/stammkoenigartus.de\/?p=7531"},"modified":"2023-02-04T09:25:30","modified_gmt":"2023-02-04T08:25:30","slug":"bericht-chroniktreffen","status":"publish","type":"post","link":"https:\/\/stammkoenigartus.de\/?p=7531","title":{"rendered":"Bericht Chroniktreffen"},"content":{"rendered":"<p align=\"center\"><span style=\"font-size: large;\">Am 16.03.2014 trafen wir uns zu einer kleinen Sitzung. Es ging um unsere Stammeschronik, die im Rahmen unseres Stammesjubil\u00e4ums erscheinen wird. <\/span><\/p>\n<p align=\"center\"><span style=\"font-size: large;\">In 4 Stunden wurde \u00fcberlegt, wie sie aussehen wird, was wir f\u00fcr Bilder verwenden und auch was man besser als bei unserer damaligen Festschrift zum 50-J\u00e4hrigen machen kann, wurde diskutiert. <\/span><\/p>\n<p align=\"center\"><span style=\"font-size: large;\">S\u00e4mtliche Bilder der letzten 60 Jahre wurden gesichtet, eingescannt und werden \u00fcberarbeitet.<\/span><span style=\"color: #000000;\"><span style=\"font-size: large;\"> Es war ein lockeres entspanntes Treffen, nach 4 Stunden Arbeit ging trotzdem wieder jeder seinen eigenen Weg f\u00fcr die Stammeschronik 2014.<\/span><\/span><\/p>\n<p align=\"center\"><span style=\"font-size: large;\">Im Rahmen der Stammeschronik werden Bilder der letzten 10 Jahre eingef\u00fcgt und auch in unserer Bilderjurte auf dem Jubil\u00e4um ausgestellt werden. Wir m\u00f6chten alle, die dieser Ver\u00f6ffentlichung nicht zustimmen bitten, sich umgehend zu melden. Ansonsten geht der Stamm von einer Erlaubnis f\u00fcr die Ver\u00f6ffentlichung dieser Bilder aus. <\/span><\/p>\n<p align=\"center\"><span style=\"font-size: large;\">Ebenso wollen wir von jeder Gruppe ein Gruppenbild und von jedem in der F\u00fchrung ein Einzelbild ver\u00f6ffentlichen. Es w\u00e4re hierbei wichtig, dass &#8211; wenn ein Fototermin offiziell ist &#8211; ALLE aus der jeweiligen Gruppe in Kluft erscheinen:-)<\/span><\/p>\n","protected":false},"excerpt":{"rendered":"<p>Am 16.03.2014 trafen wir uns zu einer kleinen Sitzung. Es ging um unsere Stammeschronik, die im Rahmen unseres Stammesjubil\u00e4ums erscheinen wird. In 4 Stunden wurde &hellip;<\/p>\n","protected":false},"author":2,"featured_media":17904,"comment_status":"open","ping_status":"open","sticky":false,"template":"","format":"standard","meta":{"_monsterinsights_skip_tracking":false,"_monsterinsights_sitenote_active":false,"_monsterinsights_sitenote_note":"","_monsterinsights_sitenote_category":0,"footnotes":""},"categories":[132,130],"tags":[109,110,35,44,60,62],"class_list":["post-7531","post","type-post","status-publish","format-standard","has-post-thumbnail","hentry","category-rover","category-unsere-aktionen","tag-finanzierung","tag-freundeskreis","tag-gesprach","tag-leistung","tag-wald","tag-wetter"],"aioseo_notices":[],"_links":{"self":[{"href":"https:\/\/stammkoenigartus.de\/index.php?rest_route=\/wp\/v2\/posts\/7531","targetHints":{"allow":["GET"]}}],"collection":[{"href":"https:\/\/stammkoenigartus.de\/index.php?rest_route=\/wp\/v2\/posts"}],"about":[{"href":"https:\/\/stammkoenigartus.de\/index.php?rest_route=\/wp\/v2\/types\/post"}],"author":[{"embeddable":true,"href":"https:\/\/stammkoenigartus.de\/index.php?rest_route=\/wp\/v2\/users\/2"}],"replies":[{"embeddable":true,"href":"https:\/\/stammkoenigartus.de\/index.php?rest_route=%2Fwp%2Fv2%2Fcomments&post=7531"}],"version-history":[{"count":4,"href":"https:\/\/stammkoenigartus.de\/index.php?rest_route=\/wp\/v2\/posts\/7531\/revisions"}],"predecessor-version":[{"id":17905,"href":"https:\/\/stammkoenigartus.de\/index.php?rest_route=\/wp\/v2\/posts\/7531\/revisions\/17905"}],"wp:featuredmedia":[{"embeddable":true,"href":"https:\/\/stammkoenigartus.de\/index.php?rest_route=\/wp\/v2\/media\/17904"}],"wp:attachment":[{"href":"https:\/\/stammkoenigartus.de\/index.php?rest_route=%2Fwp%2Fv2%2Fmedia&parent=7531"}],"wp:term":[{"taxonomy":"category","embeddable":true,"href":"https:\/\/stammkoenigartus.de\/index.php?rest_route=%2Fwp%2Fv2%2Fcategories&post=7531"},{"taxonomy":"post_tag","embeddable":true,"href":"https:\/\/stammkoenigartus.de\/index.php?rest_route=%2Fwp%2Fv2%2Ftags&post=7531"}],"curies":[{"name":"wp","href":"https:\/\/api.w.org\/{rel}","templated":true}]}}