{"id":8253,"date":"2014-07-05T23:33:19","date_gmt":"2014-07-05T21:33:19","guid":{"rendered":"http:\/\/stammkoenigartus.de\/?p=8253"},"modified":"2023-02-04T08:55:45","modified_gmt":"2023-02-04T07:55:45","slug":"besprechung-der-stammesfuehrung","status":"publish","type":"post","link":"https:\/\/stammkoenigartus.de\/?p=8253","title":{"rendered":"Besprechung der Stammesf\u00fchrung"},"content":{"rendered":"<p>Im Zuge eines Treffens von allen 3 Mitgliedern der Stammesf\u00fchrung kl\u00e4rten wir final, in welcher Form die Chronik gedruckt wird. Wir kl\u00e4rten den Stand der Lage, was alles in den folgenden Wochen anstand und wer wen wegen was fragt. Es wurden noch 500 Meter Seil geordert und ein Besuch beim Schmied in Gro\u00dfvichtach festgelegt.<\/p>\n<p>In den folgenden Tagen gingen wir auf Sponsorensuche f\u00fcr die Stammeschronik, dank Lukas, Jens und Felix konnte Sie bereits zur H\u00e4lfte finanziert werden. Wir z\u00e4hlen nun die Tage, bis unser kleines Fest beginnen wird!<\/p>\n<p>Jeder, egal ob die Kids in den Gruppenstunden, oder die Gruppenf\u00fchrungen, alle arbeiten an dieser gro\u00dfen Feier!<\/p>\n","protected":false},"excerpt":{"rendered":"<p>Im Zuge eines Treffens von allen 3 Mitgliedern der Stammesf\u00fchrung kl\u00e4rten wir final, in welcher Form die Chronik gedruckt wird. Wir kl\u00e4rten den Stand der &hellip;<\/p>\n","protected":false},"author":2,"featured_media":17870,"comment_status":"open","ping_status":"open","sticky":false,"template":"","format":"standard","meta":{"_monsterinsights_skip_tracking":false,"_monsterinsights_sitenote_active":false,"_monsterinsights_sitenote_note":"","_monsterinsights_sitenote_category":0,"footnotes":""},"categories":[136,132,130],"tags":[],"class_list":["post-8253","post","type-post","status-publish","format-standard","has-post-thumbnail","hentry","category-pfadfinder","category-rover","category-unsere-aktionen"],"aioseo_notices":[],"_links":{"self":[{"href":"https:\/\/stammkoenigartus.de\/index.php?rest_route=\/wp\/v2\/posts\/8253","targetHints":{"allow":["GET"]}}],"collection":[{"href":"https:\/\/stammkoenigartus.de\/index.php?rest_route=\/wp\/v2\/posts"}],"about":[{"href":"https:\/\/stammkoenigartus.de\/index.php?rest_route=\/wp\/v2\/types\/post"}],"author":[{"embeddable":true,"href":"https:\/\/stammkoenigartus.de\/index.php?rest_route=\/wp\/v2\/users\/2"}],"replies":[{"embeddable":true,"href":"https:\/\/stammkoenigartus.de\/index.php?rest_route=%2Fwp%2Fv2%2Fcomments&post=8253"}],"version-history":[{"count":2,"href":"https:\/\/stammkoenigartus.de\/index.php?rest_route=\/wp\/v2\/posts\/8253\/revisions"}],"predecessor-version":[{"id":8334,"href":"https:\/\/stammkoenigartus.de\/index.php?rest_route=\/wp\/v2\/posts\/8253\/revisions\/8334"}],"wp:featuredmedia":[{"embeddable":true,"href":"https:\/\/stammkoenigartus.de\/index.php?rest_route=\/wp\/v2\/media\/17870"}],"wp:attachment":[{"href":"https:\/\/stammkoenigartus.de\/index.php?rest_route=%2Fwp%2Fv2%2Fmedia&parent=8253"}],"wp:term":[{"taxonomy":"category","embeddable":true,"href":"https:\/\/stammkoenigartus.de\/index.php?rest_route=%2Fwp%2Fv2%2Fcategories&post=8253"},{"taxonomy":"post_tag","embeddable":true,"href":"https:\/\/stammkoenigartus.de\/index.php?rest_route=%2Fwp%2Fv2%2Ftags&post=8253"}],"curies":[{"name":"wp","href":"https:\/\/api.w.org\/{rel}","templated":true}]}}