{"id":8352,"date":"2014-07-24T22:08:04","date_gmt":"2014-07-24T20:08:04","guid":{"rendered":"http:\/\/stammkoenigartus.de\/?p=8352"},"modified":"2023-02-04T09:01:24","modified_gmt":"2023-02-04T08:01:24","slug":"bericht-vierbeinaufbau-teil-4","status":"publish","type":"post","link":"https:\/\/stammkoenigartus.de\/?p=8352","title":{"rendered":"Bericht Vierbeinaufbau Teil 4"},"content":{"rendered":"<p><span style=\"color: #000000;\">Am heutigen Donnerstag mussten wir nochmal ran. Es wird immer noch von einem Zweibein in der Mitte gest\u00fctzt und steht nicht selbstst\u00e4ndig. Verankert war das ganze im Boden, nur die Angst, das die St\u00e4mme brechen, sobald sie mit Zeltplanen belastet werden, war zu gro\u00df. <\/span><\/p>\n<p><span style=\"color: #000000;\">Wir zogen 4 Zwischenst\u00fctzen ein. Ziel war es, dass das Vierbein selbstst\u00e4ndig steht, ohne St\u00fctze in der Mitte!<\/span><\/p>\n<p>&nbsp;<\/p>\n<p><a href=\"https:\/\/stammkoenigartus.de\/wp-content\/uploads\/IMGP4299.jpg\" rel=\"lightbox[8352]\"><img loading=\"lazy\" decoding=\"async\" class=\"aligncenter  wp-image-8353\" src=\"https:\/\/stammkoenigartus.de\/wp-content\/uploads\/IMGP4299.jpg\" alt=\"IMGP4299\" width=\"383\" height=\"215\" srcset=\"https:\/\/stammkoenigartus.de\/wp-content\/uploads\/IMGP4299.jpg 800w, https:\/\/stammkoenigartus.de\/wp-content\/uploads\/IMGP4299-300x168.jpg 300w\" sizes=\"auto, (max-width: 383px) 100vw, 383px\" \/><\/a>Nachdem die St\u00fctzen standen, l\u00e4sst es sich erahnen. Das Zweibein wurde entfernt und siehe da, es steht!<\/p>\n<p><a href=\"https:\/\/stammkoenigartus.de\/wp-content\/uploads\/IMGP4302.jpg\" rel=\"lightbox[8352]\"><img loading=\"lazy\" decoding=\"async\" class=\"aligncenter size-full wp-image-8354\" src=\"https:\/\/stammkoenigartus.de\/wp-content\/uploads\/IMGP4302.jpg\" alt=\"IMGP4302\" width=\"338\" height=\"600\" srcset=\"https:\/\/stammkoenigartus.de\/wp-content\/uploads\/IMGP4302.jpg 338w, https:\/\/stammkoenigartus.de\/wp-content\/uploads\/IMGP4302-169x300.jpg 169w\" sizes=\"auto, (max-width: 338px) 100vw, 338px\" \/><\/a><\/p>\n<p><span style=\"color: #000000;\">Siegerfoto: Seit einem halben Jahr haben wir darauf hingearbeitet und nun: Es steht!!<\/span><\/p>\n","protected":false},"excerpt":{"rendered":"<p>Am heutigen Donnerstag mussten wir nochmal ran. Es wird immer noch von einem Zweibein in der Mitte gest\u00fctzt und steht nicht selbstst\u00e4ndig. Verankert war das &hellip;<\/p>\n","protected":false},"author":2,"featured_media":17879,"comment_status":"open","ping_status":"open","sticky":false,"template":"","format":"standard","meta":{"_monsterinsights_skip_tracking":false,"_monsterinsights_sitenote_active":false,"_monsterinsights_sitenote_note":"","_monsterinsights_sitenote_category":0,"footnotes":""},"categories":[132,130],"tags":[],"class_list":["post-8352","post","type-post","status-publish","format-standard","has-post-thumbnail","hentry","category-rover","category-unsere-aktionen"],"aioseo_notices":[],"_links":{"self":[{"href":"https:\/\/stammkoenigartus.de\/index.php?rest_route=\/wp\/v2\/posts\/8352","targetHints":{"allow":["GET"]}}],"collection":[{"href":"https:\/\/stammkoenigartus.de\/index.php?rest_route=\/wp\/v2\/posts"}],"about":[{"href":"https:\/\/stammkoenigartus.de\/index.php?rest_route=\/wp\/v2\/types\/post"}],"author":[{"embeddable":true,"href":"https:\/\/stammkoenigartus.de\/index.php?rest_route=\/wp\/v2\/users\/2"}],"replies":[{"embeddable":true,"href":"https:\/\/stammkoenigartus.de\/index.php?rest_route=%2Fwp%2Fv2%2Fcomments&post=8352"}],"version-history":[{"count":3,"href":"https:\/\/stammkoenigartus.de\/index.php?rest_route=\/wp\/v2\/posts\/8352\/revisions"}],"predecessor-version":[{"id":17880,"href":"https:\/\/stammkoenigartus.de\/index.php?rest_route=\/wp\/v2\/posts\/8352\/revisions\/17880"}],"wp:featuredmedia":[{"embeddable":true,"href":"https:\/\/stammkoenigartus.de\/index.php?rest_route=\/wp\/v2\/media\/17879"}],"wp:attachment":[{"href":"https:\/\/stammkoenigartus.de\/index.php?rest_route=%2Fwp%2Fv2%2Fmedia&parent=8352"}],"wp:term":[{"taxonomy":"category","embeddable":true,"href":"https:\/\/stammkoenigartus.de\/index.php?rest_route=%2Fwp%2Fv2%2Fcategories&post=8352"},{"taxonomy":"post_tag","embeddable":true,"href":"https:\/\/stammkoenigartus.de\/index.php?rest_route=%2Fwp%2Fv2%2Ftags&post=8352"}],"curies":[{"name":"wp","href":"https:\/\/api.w.org\/{rel}","templated":true}]}}