{"id":8400,"date":"2014-08-09T13:56:49","date_gmt":"2014-08-09T11:56:49","guid":{"rendered":"http:\/\/stammkoenigartus.de\/?p=8400"},"modified":"2023-02-04T09:02:27","modified_gmt":"2023-02-04T08:02:27","slug":"bericht-stammesjubilaeum-mitteilungsblatt","status":"publish","type":"post","link":"https:\/\/stammkoenigartus.de\/?p=8400","title":{"rendered":"Bericht Stammesjubil\u00e4um Mitteilungsblatt"},"content":{"rendered":"<p dir=\"ltr\"><span style=\"color: #000000; font-size: large;\">Der Pfadfinderstamm K\u00f6nig Artus aus Waldbuch feierte am 3. August sein 60-j\u00e4hriges Bestehen. <\/span><br \/>\n<span style=\"color: #000000; font-size: large;\"> Neben den 60 Kindern, die am Jubil\u00e4umslager vom 1. Bis 6. August teilnahmen,\u00a0 war auch die \u00d6ffentlichkeit mit \u00fcber 300 Personen vertreten.<\/span><br \/>\n<span style=\"color: #000000; font-size: large;\"> Ein gro\u00dfes Lilienbild mit \u00fcber 5000 Bildern lie\u00df die B\u00fchne imposant aussehen.<\/span><br \/>\n<span style=\"color: #000000; font-size: large;\"> Es gab viele Workshops an denen jeder der Kids basteln, rutschen, backen, schmieden, erleben und sogar imkern konnte. Eine Aussichtsplattform bot richtig viel \u00dcberblick. Auch wurde eine Jurtenburg zum Stehen gebracht. Mit einem Durchmesser von 20 Metern ein imposantes Bauwerk. 4,20 Meter lange Baumst\u00e4mme trugen das Konstrukt. <\/span><br \/>\n<span style=\"color: #000000; font-size: large;\"> Livemusik gab es von Tom Sauer und Thomas \u00d6chsler. Auch Felix B\u00e4r, Lukas Gehring und Christoph Scheller trugen zur musikalischen Umrahmung bei.<\/span><br \/>\n<span style=\"color: #000000; font-size: large;\"> Ein Bl\u00e4serquartett mit Jens Bl\u00fcchel,\u00a0 Max Franz, Yannick Yasar und Georg Sinkel r\u00e4umte das ganze in ein buntes Programm. Dank f\u00fcr die Moderation dieses Tages an Tim Bauer und Christoph Scheller.<\/span><\/p>\n<p dir=\"ltr\"><span style=\"color: #000000; font-size: large;\">Gr\u00f6\u00dften Dank an alle Besucher dieses Festes, von nah und fern sind Viele gekommen. Auch der Wettergott war uns gn\u00e4dig und wir hatten viel Sonnenschein.<\/span><\/p>\n<p><span style=\"color: #000000; font-size: large;\">Ausf\u00fchrliche Informationen gibt es weiterhin hier auf <a href=\"http:\/\/www.stammkoenigartus.de\"><span style=\"color: #000000;\">www.stammkoenigartus.de<\/span><\/a><\/span><br \/>\n<span style=\"color: #000000; font-size: large;\"> Wir freuen uns auch auf Zuwachs in den Gruppenstunden, wir denken, dieses Fest hat gezeigt, was Pfadfinder sein bedeutet.<br \/>\n<\/span><\/p>\n<p><a href=\"https:\/\/stammkoenigartus.de\/wp-content\/uploads\/IMGP4654.jpg\" rel=\"lightbox[8400]\"><img loading=\"lazy\" decoding=\"async\" class=\"wp-image-8403 alignleft\" src=\"https:\/\/stammkoenigartus.de\/wp-content\/uploads\/IMGP4654.jpg\" alt=\"IMGP4654\" width=\"542\" height=\"406\" srcset=\"https:\/\/stammkoenigartus.de\/wp-content\/uploads\/IMGP4654.jpg 800w, https:\/\/stammkoenigartus.de\/wp-content\/uploads\/IMGP4654-300x225.jpg 300w\" sizes=\"auto, (max-width: 542px) 100vw, 542px\" \/><\/a><a href=\"https:\/\/stammkoenigartus.de\/wp-content\/uploads\/stamm-stajub.jpg\" rel=\"lightbox[8400]\"><img loading=\"lazy\" decoding=\"async\" class=\"wp-image-8395 alignright\" src=\"https:\/\/stammkoenigartus.de\/wp-content\/uploads\/stamm-stajub.jpg\" alt=\"stamm stajub\" width=\"523\" height=\"420\" srcset=\"https:\/\/stammkoenigartus.de\/wp-content\/uploads\/stamm-stajub.jpg 747w, https:\/\/stammkoenigartus.de\/wp-content\/uploads\/stamm-stajub-300x240.jpg 300w\" sizes=\"auto, (max-width: 523px) 100vw, 523px\" \/><\/a><\/p>\n","protected":false},"excerpt":{"rendered":"<p>Der Pfadfinderstamm K\u00f6nig Artus aus Waldbuch feierte am 3. August sein 60-j\u00e4hriges Bestehen. Neben den 60 Kindern, die am Jubil\u00e4umslager vom 1. Bis 6. August &hellip;<\/p>\n","protected":false},"author":2,"featured_media":17881,"comment_status":"open","ping_status":"open","sticky":false,"template":"","format":"standard","meta":{"_monsterinsights_skip_tracking":false,"_monsterinsights_sitenote_active":false,"_monsterinsights_sitenote_note":"","_monsterinsights_sitenote_category":0,"footnotes":""},"categories":[136,132,137,130,131],"tags":[],"class_list":["post-8400","post","type-post","status-publish","format-standard","has-post-thumbnail","hentry","category-pfadfinder","category-rover","category-stamm","category-unsere-aktionen","category-woelflinge"],"aioseo_notices":[],"_links":{"self":[{"href":"https:\/\/stammkoenigartus.de\/index.php?rest_route=\/wp\/v2\/posts\/8400","targetHints":{"allow":["GET"]}}],"collection":[{"href":"https:\/\/stammkoenigartus.de\/index.php?rest_route=\/wp\/v2\/posts"}],"about":[{"href":"https:\/\/stammkoenigartus.de\/index.php?rest_route=\/wp\/v2\/types\/post"}],"author":[{"embeddable":true,"href":"https:\/\/stammkoenigartus.de\/index.php?rest_route=\/wp\/v2\/users\/2"}],"replies":[{"embeddable":true,"href":"https:\/\/stammkoenigartus.de\/index.php?rest_route=%2Fwp%2Fv2%2Fcomments&post=8400"}],"version-history":[{"count":5,"href":"https:\/\/stammkoenigartus.de\/index.php?rest_route=\/wp\/v2\/posts\/8400\/revisions"}],"predecessor-version":[{"id":17882,"href":"https:\/\/stammkoenigartus.de\/index.php?rest_route=\/wp\/v2\/posts\/8400\/revisions\/17882"}],"wp:featuredmedia":[{"embeddable":true,"href":"https:\/\/stammkoenigartus.de\/index.php?rest_route=\/wp\/v2\/media\/17881"}],"wp:attachment":[{"href":"https:\/\/stammkoenigartus.de\/index.php?rest_route=%2Fwp%2Fv2%2Fmedia&parent=8400"}],"wp:term":[{"taxonomy":"category","embeddable":true,"href":"https:\/\/stammkoenigartus.de\/index.php?rest_route=%2Fwp%2Fv2%2Fcategories&post=8400"},{"taxonomy":"post_tag","embeddable":true,"href":"https:\/\/stammkoenigartus.de\/index.php?rest_route=%2Fwp%2Fv2%2Ftags&post=8400"}],"curies":[{"name":"wp","href":"https:\/\/api.w.org\/{rel}","templated":true}]}}