{"id":8483,"date":"2014-08-24T15:05:23","date_gmt":"2014-08-24T13:05:23","guid":{"rendered":"http:\/\/stammkoenigartus.de\/?p=8483"},"modified":"2023-02-02T20:16:41","modified_gmt":"2023-02-02T19:16:41","slug":"tag-des-offenen-lagers","status":"publish","type":"post","link":"https:\/\/stammkoenigartus.de\/?p=8483","title":{"rendered":"Tag des offenen Lagers"},"content":{"rendered":"<p>Ein bunter und erfolgreicher Tag war der `Tag des offenen Lagers\u00b4. Viele Behinderte, Pfadfinder und nat\u00fcrlich die \u00d6ffentlichkeit war zugegen. Der Tag startete mit einer \u201eTotenehrung\u201c am Grab unseres Gr\u00fcnders. Tom Sauer hielt einen sehr bewegenden Gottesdienst. Viele AGs, Livemusik auf der B\u00fchne, der Ausblick von unserem Lagertor und nat\u00fcrlich die \u00fcber 500 Besucher machten diesen Tag einmalig. \u00dcber 35 Helfer brachten Getr\u00e4nke und Verpflegung an den Mann! An dieser Stelle nochmal Danke daf\u00fcr.<\/p>\n<p>Der Festkommers am Abend stellte jedem nochmal direkt vor Augen, was f\u00fcr einen Wert unsere Arbeit hat. Am Abend gab es noch Chai von unserer Bar. Riesen Dank an unseren Wettergott, der daf\u00fcr sorgte, dass dieser Tag nicht im Regen endete. Hatten wir ein Gl\u00fcck!<\/p>\n<p>Danke an jeden, der mitgeholfen hat und an alle, die gekommen sind!<\/p>\n<p>Ihr seid spitze und habt jede Erwartung, die wir hatten, \u00fcbertroffen!<\/p>\n","protected":false},"excerpt":{"rendered":"<p>Ein bunter und erfolgreicher Tag war der `Tag des offenen Lagers\u00b4. Viele Behinderte, Pfadfinder und nat\u00fcrlich die \u00d6ffentlichkeit war zugegen. Der Tag startete mit einer &hellip;<\/p>\n","protected":false},"author":2,"featured_media":8395,"comment_status":"open","ping_status":"open","sticky":false,"template":"","format":"standard","meta":{"_monsterinsights_skip_tracking":false,"_monsterinsights_sitenote_active":false,"_monsterinsights_sitenote_note":"","_monsterinsights_sitenote_category":0,"footnotes":""},"categories":[135,136,132,137,130,131],"tags":[27,107,109,110,34,35,63],"class_list":["post-8483","post","type-post","status-publish","format-standard","has-post-thumbnail","hentry","category-oeffentliche-aktionen","category-pfadfinder","category-rover","category-stamm","category-unsere-aktionen","category-woelflinge","tag-abzeichen","tag-anmeldung","tag-finanzierung","tag-freundeskreis","tag-gemeinde","tag-gesprach","tag-wolfling"],"aioseo_notices":[],"_links":{"self":[{"href":"https:\/\/stammkoenigartus.de\/index.php?rest_route=\/wp\/v2\/posts\/8483","targetHints":{"allow":["GET"]}}],"collection":[{"href":"https:\/\/stammkoenigartus.de\/index.php?rest_route=\/wp\/v2\/posts"}],"about":[{"href":"https:\/\/stammkoenigartus.de\/index.php?rest_route=\/wp\/v2\/types\/post"}],"author":[{"embeddable":true,"href":"https:\/\/stammkoenigartus.de\/index.php?rest_route=\/wp\/v2\/users\/2"}],"replies":[{"embeddable":true,"href":"https:\/\/stammkoenigartus.de\/index.php?rest_route=%2Fwp%2Fv2%2Fcomments&post=8483"}],"version-history":[{"count":3,"href":"https:\/\/stammkoenigartus.de\/index.php?rest_route=\/wp\/v2\/posts\/8483\/revisions"}],"predecessor-version":[{"id":17855,"href":"https:\/\/stammkoenigartus.de\/index.php?rest_route=\/wp\/v2\/posts\/8483\/revisions\/17855"}],"wp:featuredmedia":[{"embeddable":true,"href":"https:\/\/stammkoenigartus.de\/index.php?rest_route=\/wp\/v2\/media\/8395"}],"wp:attachment":[{"href":"https:\/\/stammkoenigartus.de\/index.php?rest_route=%2Fwp%2Fv2%2Fmedia&parent=8483"}],"wp:term":[{"taxonomy":"category","embeddable":true,"href":"https:\/\/stammkoenigartus.de\/index.php?rest_route=%2Fwp%2Fv2%2Fcategories&post=8483"},{"taxonomy":"post_tag","embeddable":true,"href":"https:\/\/stammkoenigartus.de\/index.php?rest_route=%2Fwp%2Fv2%2Ftags&post=8483"}],"curies":[{"name":"wp","href":"https:\/\/api.w.org\/{rel}","templated":true}]}}