{"id":8489,"date":"2014-08-24T15:12:57","date_gmt":"2014-08-24T13:12:57","guid":{"rendered":"http:\/\/stammkoenigartus.de\/?p=8489"},"modified":"2023-02-02T20:14:13","modified_gmt":"2023-02-02T19:14:13","slug":"die-nacht-der-60-kerzen","status":"publish","type":"post","link":"https:\/\/stammkoenigartus.de\/?p=8489","title":{"rendered":"Die Nacht der 60 Kerzen"},"content":{"rendered":"\n<p>Ein gro\u00dfes Fest lag in den letzten Z\u00fcgen. Mit vielen Dorfbewohnern, Eltern und Freunden sangen wir bei Licht von 60 Kerzen viele unserer Lieder, die \u201eHaijker\u201c stellten vor, was sie in den letzten Tagen erlebt hatten, wo Sie waren und was sie gegen einen Apfel und ein Ei bekommen hatten.<\/p>\n<p>Mit in unserer Runde stand ein gro\u00dfes Mosaik aus 5000 Bildern, diese wurden eigens f\u00fcr dieses Fest ausgew\u00e4hlt und verarbeitet. Danke an die Familie Steiner, die sich um dieses Highlight k\u00fcmmerte. Jeden Besucher hat es fasziniert.<\/p>\n<p>Melanie Achtmann hielt eine bewegende Rede \u00fcber meine Arbeit als Pfadfinder und dem Menschen, der dahinter steht und sich Gedanken mit sehr viel Arbeit macht. Danke f\u00fcr diese Worte, es gibt nichts sch\u00f6neres f\u00fcr einen Pfadfinder.<\/p>\n","protected":false},"excerpt":{"rendered":"<p>Ein gro\u00dfes Fest lag in den letzten Z\u00fcgen. Mit vielen Dorfbewohnern, Eltern und Freunden sangen wir bei Licht von 60 Kerzen viele unserer Lieder, die &hellip;<\/p>\n","protected":false},"author":2,"featured_media":17849,"comment_status":"open","ping_status":"open","sticky":false,"template":"","format":"standard","meta":{"_monsterinsights_skip_tracking":false,"_monsterinsights_sitenote_active":false,"_monsterinsights_sitenote_note":"","_monsterinsights_sitenote_category":0,"footnotes":""},"categories":[136,132,137,130,131],"tags":[31,32,110,35,43,44,48,60],"class_list":["post-8489","post","type-post","status-publish","format-standard","has-post-thumbnail","hentry","category-pfadfinder","category-rover","category-stamm","category-unsere-aktionen","category-woelflinge","tag-eltern","tag-fahrt","tag-freundeskreis","tag-gesprach","tag-kontakt","tag-leistung","tag-pfadfinderei","tag-wald"],"aioseo_notices":[],"_links":{"self":[{"href":"https:\/\/stammkoenigartus.de\/index.php?rest_route=\/wp\/v2\/posts\/8489","targetHints":{"allow":["GET"]}}],"collection":[{"href":"https:\/\/stammkoenigartus.de\/index.php?rest_route=\/wp\/v2\/posts"}],"about":[{"href":"https:\/\/stammkoenigartus.de\/index.php?rest_route=\/wp\/v2\/types\/post"}],"author":[{"embeddable":true,"href":"https:\/\/stammkoenigartus.de\/index.php?rest_route=\/wp\/v2\/users\/2"}],"replies":[{"embeddable":true,"href":"https:\/\/stammkoenigartus.de\/index.php?rest_route=%2Fwp%2Fv2%2Fcomments&post=8489"}],"version-history":[{"count":3,"href":"https:\/\/stammkoenigartus.de\/index.php?rest_route=\/wp\/v2\/posts\/8489\/revisions"}],"predecessor-version":[{"id":17850,"href":"https:\/\/stammkoenigartus.de\/index.php?rest_route=\/wp\/v2\/posts\/8489\/revisions\/17850"}],"wp:featuredmedia":[{"embeddable":true,"href":"https:\/\/stammkoenigartus.de\/index.php?rest_route=\/wp\/v2\/media\/17849"}],"wp:attachment":[{"href":"https:\/\/stammkoenigartus.de\/index.php?rest_route=%2Fwp%2Fv2%2Fmedia&parent=8489"}],"wp:term":[{"taxonomy":"category","embeddable":true,"href":"https:\/\/stammkoenigartus.de\/index.php?rest_route=%2Fwp%2Fv2%2Fcategories&post=8489"},{"taxonomy":"post_tag","embeddable":true,"href":"https:\/\/stammkoenigartus.de\/index.php?rest_route=%2Fwp%2Fv2%2Ftags&post=8489"}],"curies":[{"name":"wp","href":"https:\/\/api.w.org\/{rel}","templated":true}]}}