{"id":8721,"date":"2014-10-12T18:09:05","date_gmt":"2014-10-12T16:09:05","guid":{"rendered":"http:\/\/stammkoenigartus.de\/?p=8721"},"modified":"2023-02-02T20:11:08","modified_gmt":"2023-02-02T19:11:08","slug":"bericht-fuehrerfahrt-2014","status":"publish","type":"post","link":"https:\/\/stammkoenigartus.de\/?p=8721","title":{"rendered":"Bericht F\u00fchrerfahrt 2014"},"content":{"rendered":"\n<p>Am dritten Septemberwochenende taten sich<br \/>4 Gruppenf\u00fchrungen zusammen, um einen kurzen Haijk von Elbersreuth nach Waldbuch zu bestreiten. Nach ersten Querfeldeing\u00e4ngen landeten wir schlie\u00dflich auf der richtigen Route. Nach zwei Stunden Marsch durch dunkle W\u00e4lder schlugen wir unser Lager auf. Nach einem kurzen Abendessen schlief jeder im weichen Waldboden ein. Am Tag darauf starteten wir bereits um 9 Uhr unserem Ziel entgegen. Nachdem uns Selma und Denis austricksen wollten, w\u00e4hlten wir eine Abk\u00fcrzung. Wie der \u201eIgel auf den Hasen\u201c erwarteten wir die zwei Ausrei\u00dfer. Eine fr\u00f6hliche Wanderung nahm gegen 12 Uhr ein leider viel zu schnelles Ende. \ud83d\ude42<\/p>\n","protected":false},"excerpt":{"rendered":"<p>Am dritten Septemberwochenende taten sich4 Gruppenf\u00fchrungen zusammen, um einen kurzen Haijk von Elbersreuth nach Waldbuch zu bestreiten. Nach ersten Querfeldeing\u00e4ngen landeten wir schlie\u00dflich auf der &hellip;<\/p>\n","protected":false},"author":2,"featured_media":17846,"comment_status":"open","ping_status":"open","sticky":false,"template":"","format":"standard","meta":{"_monsterinsights_skip_tracking":false,"_monsterinsights_sitenote_active":false,"_monsterinsights_sitenote_note":"","_monsterinsights_sitenote_category":0,"footnotes":""},"categories":[136,137,130],"tags":[],"class_list":["post-8721","post","type-post","status-publish","format-standard","has-post-thumbnail","hentry","category-pfadfinder","category-stamm","category-unsere-aktionen"],"aioseo_notices":[],"_links":{"self":[{"href":"https:\/\/stammkoenigartus.de\/index.php?rest_route=\/wp\/v2\/posts\/8721","targetHints":{"allow":["GET"]}}],"collection":[{"href":"https:\/\/stammkoenigartus.de\/index.php?rest_route=\/wp\/v2\/posts"}],"about":[{"href":"https:\/\/stammkoenigartus.de\/index.php?rest_route=\/wp\/v2\/types\/post"}],"author":[{"embeddable":true,"href":"https:\/\/stammkoenigartus.de\/index.php?rest_route=\/wp\/v2\/users\/2"}],"replies":[{"embeddable":true,"href":"https:\/\/stammkoenigartus.de\/index.php?rest_route=%2Fwp%2Fv2%2Fcomments&post=8721"}],"version-history":[{"count":2,"href":"https:\/\/stammkoenigartus.de\/index.php?rest_route=\/wp\/v2\/posts\/8721\/revisions"}],"predecessor-version":[{"id":17847,"href":"https:\/\/stammkoenigartus.de\/index.php?rest_route=\/wp\/v2\/posts\/8721\/revisions\/17847"}],"wp:featuredmedia":[{"embeddable":true,"href":"https:\/\/stammkoenigartus.de\/index.php?rest_route=\/wp\/v2\/media\/17846"}],"wp:attachment":[{"href":"https:\/\/stammkoenigartus.de\/index.php?rest_route=%2Fwp%2Fv2%2Fmedia&parent=8721"}],"wp:term":[{"taxonomy":"category","embeddable":true,"href":"https:\/\/stammkoenigartus.de\/index.php?rest_route=%2Fwp%2Fv2%2Fcategories&post=8721"},{"taxonomy":"post_tag","embeddable":true,"href":"https:\/\/stammkoenigartus.de\/index.php?rest_route=%2Fwp%2Fv2%2Ftags&post=8721"}],"curies":[{"name":"wp","href":"https:\/\/api.w.org\/{rel}","templated":true}]}}