{"id":8723,"date":"2014-10-12T18:11:14","date_gmt":"2014-10-12T16:11:14","guid":{"rendered":"http:\/\/stammkoenigartus.de\/?p=8723"},"modified":"2023-02-02T20:09:20","modified_gmt":"2023-02-02T19:09:20","slug":"bericht-kerwa-2014","status":"publish","type":"post","link":"https:\/\/stammkoenigartus.de\/?p=8723","title":{"rendered":"Bericht Kerwa 2014"},"content":{"rendered":"<p align=\"JUSTIFY\"><span style=\"font-size: large;\">Direkt am Samstag des dritten Wochenendes im September war Kerwa in Seibelsdorf. Dort durften wir Pfadfinder nat\u00fcrlich nicht fehlen. <\/span><\/p>\n<p align=\"JUSTIFY\"><span style=\"font-size: large;\"><span style=\"font-size: large;\">Am Samstag und am Montag wurden Bratw\u00fcrste gebraten und zus\u00e4tzlich die elektrische Kindereisenbahn bedient. Wir waren drin in unserem Element. Leider aber brach am Samstag Nachmittag der Regen durch und das Gesch\u00e4ft lief schleppend. F\u00fcr den Sonntag wollten wir Bierkasten stapeln anbieten. Ein Kran war vor Ort, die Klettergurte und ein langes Seil lagen bereit. Leider aber war da eine gro\u00dfe Regenwolke, die einfach nicht aufh\u00f6ren wollte. So mussten wir aus Sicherheitsgr\u00fcnden leider passen und fuhren wieder nach Hause. Der Montag war wieder besser besucht, aber auch nicht \u00fcberragend. \ud83d\ude42 Leider schon wie letztes Jahr. Auch 2015 versuchen wir wieder unser Gl\u00fcck. \ud83d\ude42<\/span> <span style=\"font-size: small;\">Felix<\/span><\/span><\/p>\n","protected":false},"excerpt":{"rendered":"<p>Direkt am Samstag des dritten Wochenendes im September war Kerwa in Seibelsdorf. Dort durften wir Pfadfinder nat\u00fcrlich nicht fehlen. Am Samstag und am Montag wurden &hellip;<\/p>\n","protected":false},"author":2,"featured_media":10836,"comment_status":"open","ping_status":"open","sticky":false,"template":"","format":"standard","meta":{"_monsterinsights_skip_tracking":false,"_monsterinsights_sitenote_active":false,"_monsterinsights_sitenote_note":"","_monsterinsights_sitenote_category":0,"footnotes":""},"categories":[135,136,130],"tags":[],"class_list":["post-8723","post","type-post","status-publish","format-standard","has-post-thumbnail","hentry","category-oeffentliche-aktionen","category-pfadfinder","category-unsere-aktionen"],"aioseo_notices":[],"_links":{"self":[{"href":"https:\/\/stammkoenigartus.de\/index.php?rest_route=\/wp\/v2\/posts\/8723","targetHints":{"allow":["GET"]}}],"collection":[{"href":"https:\/\/stammkoenigartus.de\/index.php?rest_route=\/wp\/v2\/posts"}],"about":[{"href":"https:\/\/stammkoenigartus.de\/index.php?rest_route=\/wp\/v2\/types\/post"}],"author":[{"embeddable":true,"href":"https:\/\/stammkoenigartus.de\/index.php?rest_route=\/wp\/v2\/users\/2"}],"replies":[{"embeddable":true,"href":"https:\/\/stammkoenigartus.de\/index.php?rest_route=%2Fwp%2Fv2%2Fcomments&post=8723"}],"version-history":[{"count":2,"href":"https:\/\/stammkoenigartus.de\/index.php?rest_route=\/wp\/v2\/posts\/8723\/revisions"}],"predecessor-version":[{"id":17844,"href":"https:\/\/stammkoenigartus.de\/index.php?rest_route=\/wp\/v2\/posts\/8723\/revisions\/17844"}],"wp:featuredmedia":[{"embeddable":true,"href":"https:\/\/stammkoenigartus.de\/index.php?rest_route=\/wp\/v2\/media\/10836"}],"wp:attachment":[{"href":"https:\/\/stammkoenigartus.de\/index.php?rest_route=%2Fwp%2Fv2%2Fmedia&parent=8723"}],"wp:term":[{"taxonomy":"category","embeddable":true,"href":"https:\/\/stammkoenigartus.de\/index.php?rest_route=%2Fwp%2Fv2%2Fcategories&post=8723"},{"taxonomy":"post_tag","embeddable":true,"href":"https:\/\/stammkoenigartus.de\/index.php?rest_route=%2Fwp%2Fv2%2Ftags&post=8723"}],"curies":[{"name":"wp","href":"https:\/\/api.w.org\/{rel}","templated":true}]}}