{"id":8833,"date":"2014-10-29T09:29:33","date_gmt":"2014-10-29T08:29:33","guid":{"rendered":"http:\/\/stammkoenigartus.de\/?p=8833"},"modified":"2023-02-02T20:07:48","modified_gmt":"2023-02-02T19:07:48","slug":"stammesrat-am-25-10-2014","status":"publish","type":"post","link":"https:\/\/stammkoenigartus.de\/?p=8833","title":{"rendered":"Stammesrat am 25.10.2014"},"content":{"rendered":"\n\n\n<p>Ein Stammesrat ist eine wichtige Sache, ohne seine Entscheidungen gibt es keine Stammesf\u00fchrung und ohne diese funktioniert ein Stamm nicht. Am 25.10.2014 trafen sich 36 Teilnehmer, um \u00fcber die k\u00fcnftige Stammesf\u00fchrung mit abzustimmen. Eine Stimme hat jedes Stammesmitglied, von ganz klein bis zum grauen Wolf.<\/p>\n<p>Im folgenden bekam Felix das Wort, der die Wahl moderierte.\u00a0 Nach kurzer Erkl\u00e4rung, wie die Regeln dieser Wahl sind, kamen wir auch schon zum ersten Wahlgang. Das Amt des Stammesf\u00fchrers wurde erkl\u00e4rt und beschrieben, nach drei kurzen Aufstellungen ging es auch schon an die Wahl. Felix B\u00e4r wurde mit 32 Stimmen und 4 Enthaltungen zum neuen Stammesf\u00fchrer gew\u00e4hlt!<br \/>Jens begl\u00fcckw\u00fcnschte ihn sogleich. Wie es Brauch im Stamm ist, geht das Halstuch des Stammesf\u00fchrers an den n\u00e4chsten im Amt weiter. Mit einem L\u00e4cheln im Gesicht und dem Wissen, dass es Gut ist, \u00fcbergab er sein Halstuch. Das Fahrtenmesser von Axel \u00fcberreichte er mit den Worten: &#8222;Ich hab es bekommen um die &#8222;Jungen in die Welt zu f\u00fchren&#8220; nun ist das deine Aufgabe.&#8220;<\/p>\n<p>10 Jahre Stammesf\u00fchrer sind keine leichte Aufgabe und auch diese Arbeit wurde gew\u00fcrdigt, nicht mit finanziellen Werten sondern mit Gegenst\u00e4nden, die diese Arbeit einfassen. Eine Kuksa, handgeschnitzt aus einer Birkenknolle mit dem Abbild eines schwedischen Elchs wurde von Felix \u00fcberreicht. Ein Begleiter f\u00fcr alles Kommende.<br \/>Nat\u00fcrlich braucht auch ein Stammesf\u00fchrer einen Stellvertreter. Dieses Amt hat die selbe Bedeutung wie das des Stammesf\u00fchrers. Als Zweier-Team sind beide f\u00fcr diese F\u00fchrung verantwortlich, erkl\u00e4rte Felix. Zur Wahl stellte sich unter anderem Selma (Lukas Porzelt) auf. Die Mehrheit entschied, dass Selma diesen Posten verdient hat. Zum Start in seine neue Aufgabe bekam Selma ein viereckiges Halstuch mit auf den Weg. Meutenf\u00fchrer wird er weiterhin bleiben. \ud83d\ude42<\/p>\n<p>Finanziell gesehen geht nichts \u00fcber einen Schatzmeister, der den Schatz verteidigt, bewacht und auch daf\u00fcr sorgt, dass er nicht schwindet. Stefan Strobel \u00fcbernahm diese Aufgabe in den letzten 2 Jahren. Auch er kandidierte erneut neben zwei anderen. Und wurde erfolgreich wiedergew\u00e4hlt. Aufgrund der gro\u00dfen Beteiligung aus den Jugendkreisen wurde beschlossen, Christoph Scheller, Denis Yasar und Lukas M\u00fchlnickel dieses Amt zu lehren, um hineinzuwachsen.<\/p>\n<p>Die neue Stammesf\u00fchrung besteht somit aus Felix B\u00e4r, Lukas Porzelt und Stefan Strobel. Alle drei stellten dem Rat die Frage, was sich \u00e4ndern solle. Wenige Vorschl\u00e4ge kamen aus der Runde. Im folgenden erkl\u00e4rte Felix, dass sich die Stammesf\u00fchrung im kommenden Jahr dem Heim widmen m\u00f6chte. &#8222;Es gibt wenige St\u00e4mme, die so ein Heim haben. Wir m\u00f6chten, dass dieses Haus in Ehren gehalten und behandelt wird&#8220;, beschrieb Felix.<\/p>\n<p>Neben der Wahl der Stammesf\u00fchrung gab es auch noch Posten, die extrem wichtig sind und f\u00fcr einen problemlosen Ablauf im Stammesleben sorgen. Mutige junge Menschen traten diese \u00c4mter an. Respekt f\u00fcr den Mut, diese zu \u00fcbernehmen.<br \/>F\u00fcr die Materialverwaltung wurden zwei Materialwarte namens Tim Bauer (Bierla) und Peter Lindenberger gew\u00e4hlt.\u00a0Um die R\u00fcstkammerverwaltung und Materialbestellungen k\u00fcmmert sich ab sofort Christoph Scheller.<br \/>Die Fundkiste auf unserer Homepage verwaltet f\u00fcr die Zukunft Lukas M\u00fchlnickel.<br \/>F\u00fcr\u00a0die Verwaltung der Mitglieder ist Alexander Achtmann in Zukunft zust\u00e4ndig.<\/p>\n<p>Herzlichsten Gl\u00fcckwunsch an alle. Der Rat war sich sicher, dass sie ihr Amt in Perfektion ausf\u00fchren und so eine weitere Unterst\u00fctzung f\u00fcr die Stammesf\u00fchrung sind.<br \/>Jens Bl\u00fcchel bekam das blaue Halstuch wieder verliehen und wurde von Felix als Roverbeauftragter und zur aktiven Unterst\u00fctzung bei Fahrten, Gro\u00dffahrten und Singerunden im Stamm entsandt. Eine Aufgabe, der sich Jens von Herzen widmen wird.<\/p>\n<p>Eine Schweigeminute gab es f\u00fcr Babet, unsere Stammesziege. Sie verstarb am 4. Oktober im Alter von 10 Jahren. Vielen Kindern hat sie mit ihrer Art ein L\u00e4cheln ins Gesicht gezaubert und sorgte immer f\u00fcr Bewachung am Pfadfinderheim. Sie geh\u00f6rte zu unserem Stamm wie ein W\u00f6lfling. Gruppenstunden machte sie mit, und auch zum Heiligen Abend in der Kirche war Sie der Star unter allen &#8222;Tieren&#8220;.<br \/>Der Stammesrat wurde mit dem Wahlspruch der Pfadfinder &#8222;Allzeit Bereit&#8220; geschlossen.<\/p>\n","protected":false},"excerpt":{"rendered":"<p>Ein Stammesrat ist eine wichtige Sache, ohne seine Entscheidungen gibt es keine Stammesf\u00fchrung und ohne diese funktioniert ein Stamm nicht. Am 25.10.2014 trafen sich 36 &hellip;<\/p>\n","protected":false},"author":2,"featured_media":17839,"comment_status":"open","ping_status":"open","sticky":false,"template":"","format":"standard","meta":{"_monsterinsights_skip_tracking":false,"_monsterinsights_sitenote_active":false,"_monsterinsights_sitenote_note":"","_monsterinsights_sitenote_category":0,"footnotes":""},"categories":[136,132,137,130,131],"tags":[],"class_list":["post-8833","post","type-post","status-publish","format-standard","has-post-thumbnail","hentry","category-pfadfinder","category-rover","category-stamm","category-unsere-aktionen","category-woelflinge"],"aioseo_notices":[],"_links":{"self":[{"href":"https:\/\/stammkoenigartus.de\/index.php?rest_route=\/wp\/v2\/posts\/8833","targetHints":{"allow":["GET"]}}],"collection":[{"href":"https:\/\/stammkoenigartus.de\/index.php?rest_route=\/wp\/v2\/posts"}],"about":[{"href":"https:\/\/stammkoenigartus.de\/index.php?rest_route=\/wp\/v2\/types\/post"}],"author":[{"embeddable":true,"href":"https:\/\/stammkoenigartus.de\/index.php?rest_route=\/wp\/v2\/users\/2"}],"replies":[{"embeddable":true,"href":"https:\/\/stammkoenigartus.de\/index.php?rest_route=%2Fwp%2Fv2%2Fcomments&post=8833"}],"version-history":[{"count":14,"href":"https:\/\/stammkoenigartus.de\/index.php?rest_route=\/wp\/v2\/posts\/8833\/revisions"}],"predecessor-version":[{"id":17840,"href":"https:\/\/stammkoenigartus.de\/index.php?rest_route=\/wp\/v2\/posts\/8833\/revisions\/17840"}],"wp:featuredmedia":[{"embeddable":true,"href":"https:\/\/stammkoenigartus.de\/index.php?rest_route=\/wp\/v2\/media\/17839"}],"wp:attachment":[{"href":"https:\/\/stammkoenigartus.de\/index.php?rest_route=%2Fwp%2Fv2%2Fmedia&parent=8833"}],"wp:term":[{"taxonomy":"category","embeddable":true,"href":"https:\/\/stammkoenigartus.de\/index.php?rest_route=%2Fwp%2Fv2%2Fcategories&post=8833"},{"taxonomy":"post_tag","embeddable":true,"href":"https:\/\/stammkoenigartus.de\/index.php?rest_route=%2Fwp%2Fv2%2Ftags&post=8833"}],"curies":[{"name":"wp","href":"https:\/\/api.w.org\/{rel}","templated":true}]}}