{"id":8899,"date":"2014-11-19T10:06:15","date_gmt":"2014-11-19T09:06:15","guid":{"rendered":"http:\/\/stammkoenigartus.de\/?p=8899"},"modified":"2023-02-02T19:58:15","modified_gmt":"2023-02-02T18:58:15","slug":"bericht-herbstmarkt-2014","status":"publish","type":"post","link":"https:\/\/stammkoenigartus.de\/?p=8899","title":{"rendered":"Bericht Herbstmarkt 2014"},"content":{"rendered":"<p align=\"LEFT\"><span style=\"color: #000000;\"><span style=\"font-size: large;\">Nachdem von den Sippen bereits am Tag zuvor der Aufbau der Jurte und der Transport des Materials und der Lebensmittel bew\u00e4ltigt wurden, trafen wir uns am Samstag, den 8. November, um gemeinsam am Herbstmarkt `im G\u00e4\u00dflein` in Oberrodach eine Kleinigkeit zum Aufw\u00e4rmen anzubieten. Nach kleinen Anlaufschwierigkeiten, die uns wie immer kein Hindernis waren, begannen wir, Gl\u00fchwein und Kinderchai zuzubereiten. Die ersten Besucher kamen und schon bekamen auch wir unsre erste Kundschaft. Insgesamt lie\u00df sich schlie\u00dflich festhalten, dass sich die Familie Bauer sehr viel M\u00fche bei der Dekoration gab, was schlie\u00dflich auch zu sehen war, und wir Vielen noch vom Jubil\u00e4um in guter Erinnerung sind.<\/span><\/span><\/p>\n<p align=\"LEFT\"><span style=\"color: #000000;\"><span style=\"font-size: large;\">Dank an Marvin, Lukas, Lorenz, Justus, die Willi und mich und sp\u00e4ter auch France und Georg unterst\u00fctzten.<\/span><\/span><\/p>\n","protected":false},"excerpt":{"rendered":"<p>Nachdem von den Sippen bereits am Tag zuvor der Aufbau der Jurte und der Transport des Materials und der Lebensmittel bew\u00e4ltigt wurden, trafen wir uns &hellip;<\/p>\n","protected":false},"author":3,"featured_media":17835,"comment_status":"open","ping_status":"open","sticky":false,"template":"","format":"standard","meta":{"_monsterinsights_skip_tracking":false,"_monsterinsights_sitenote_active":false,"_monsterinsights_sitenote_note":"","_monsterinsights_sitenote_category":0,"footnotes":""},"categories":[135,136,130],"tags":[],"class_list":["post-8899","post","type-post","status-publish","format-standard","has-post-thumbnail","hentry","category-oeffentliche-aktionen","category-pfadfinder","category-unsere-aktionen"],"aioseo_notices":[],"_links":{"self":[{"href":"https:\/\/stammkoenigartus.de\/index.php?rest_route=\/wp\/v2\/posts\/8899","targetHints":{"allow":["GET"]}}],"collection":[{"href":"https:\/\/stammkoenigartus.de\/index.php?rest_route=\/wp\/v2\/posts"}],"about":[{"href":"https:\/\/stammkoenigartus.de\/index.php?rest_route=\/wp\/v2\/types\/post"}],"author":[{"embeddable":true,"href":"https:\/\/stammkoenigartus.de\/index.php?rest_route=\/wp\/v2\/users\/3"}],"replies":[{"embeddable":true,"href":"https:\/\/stammkoenigartus.de\/index.php?rest_route=%2Fwp%2Fv2%2Fcomments&post=8899"}],"version-history":[{"count":2,"href":"https:\/\/stammkoenigartus.de\/index.php?rest_route=\/wp\/v2\/posts\/8899\/revisions"}],"predecessor-version":[{"id":17836,"href":"https:\/\/stammkoenigartus.de\/index.php?rest_route=\/wp\/v2\/posts\/8899\/revisions\/17836"}],"wp:featuredmedia":[{"embeddable":true,"href":"https:\/\/stammkoenigartus.de\/index.php?rest_route=\/wp\/v2\/media\/17835"}],"wp:attachment":[{"href":"https:\/\/stammkoenigartus.de\/index.php?rest_route=%2Fwp%2Fv2%2Fmedia&parent=8899"}],"wp:term":[{"taxonomy":"category","embeddable":true,"href":"https:\/\/stammkoenigartus.de\/index.php?rest_route=%2Fwp%2Fv2%2Fcategories&post=8899"},{"taxonomy":"post_tag","embeddable":true,"href":"https:\/\/stammkoenigartus.de\/index.php?rest_route=%2Fwp%2Fv2%2Ftags&post=8899"}],"curies":[{"name":"wp","href":"https:\/\/api.w.org\/{rel}","templated":true}]}}