{"id":8928,"date":"2014-12-06T17:23:13","date_gmt":"2014-12-06T16:23:13","guid":{"rendered":"http:\/\/stammkoenigartus.de\/?p=8928"},"modified":"2023-02-02T19:55:28","modified_gmt":"2023-02-02T18:55:28","slug":"projekt-mitte","status":"publish","type":"post","link":"https:\/\/stammkoenigartus.de\/?p=8928","title":{"rendered":"Projekt Mitte"},"content":{"rendered":"\n\n\n<p>Wieder Leben in den Schaufenstern von Unterrodach!<br \/>Vom zweiten bis zum vierten Adventswochenende immer Freitag und Samstag von jeweils 15 bis 19 Uhr \u00f6ffnen in Unterrodach die alten L\u00e4den erneut um euch zu verzaubern.Vieles gibt es zu entdecken f\u00fcr das Leibliche Wohl ist ebenfalls gesorgt, wem es etwas zu k\u00fchl ist, der geht zum Lagerfeuer am Fl\u00f6\u00dfermuseum. Kommt vorbei, und schaut euch das mal an. Es ist f\u00fcr Unterrodach, und jeden der es sehen m\u00f6chte. \u00c4hnlich wie Kronach jedes Jahr leuchtet, gibt es auch an der Dorfstra\u00dfe ein Lichterschauspiel zu entdecken. Eine w\u00fcrdige Stimmung f\u00fcr jeden der hindurchflaniert.<\/p>\n<p>Wir sind auch im Schaufenster!<br \/>Gruppenstunde live und sichtbar f\u00fcr jeden. Vielen Dank an Lukas Porzelt, Christoph Scheller, Lilli Bl\u00fcchel, Marlene Vitz, Vinzent Vitz, Lukas Gehring und Lukas M\u00fchlnickel f\u00fcr dieses gelungene Foto.<\/p>\n","protected":false},"excerpt":{"rendered":"<p>Wieder Leben in den Schaufenstern von Unterrodach!Vom zweiten bis zum vierten Adventswochenende immer Freitag und Samstag von jeweils 15 bis 19 Uhr \u00f6ffnen in Unterrodach &hellip;<\/p>\n","protected":false},"author":2,"featured_media":17831,"comment_status":"open","ping_status":"open","sticky":false,"template":"","format":"standard","meta":{"_monsterinsights_skip_tracking":false,"_monsterinsights_sitenote_active":false,"_monsterinsights_sitenote_note":"","_monsterinsights_sitenote_category":0,"footnotes":""},"categories":[135,136,130],"tags":[],"class_list":["post-8928","post","type-post","status-publish","format-standard","has-post-thumbnail","hentry","category-oeffentliche-aktionen","category-pfadfinder","category-unsere-aktionen"],"aioseo_notices":[],"_links":{"self":[{"href":"https:\/\/stammkoenigartus.de\/index.php?rest_route=\/wp\/v2\/posts\/8928","targetHints":{"allow":["GET"]}}],"collection":[{"href":"https:\/\/stammkoenigartus.de\/index.php?rest_route=\/wp\/v2\/posts"}],"about":[{"href":"https:\/\/stammkoenigartus.de\/index.php?rest_route=\/wp\/v2\/types\/post"}],"author":[{"embeddable":true,"href":"https:\/\/stammkoenigartus.de\/index.php?rest_route=\/wp\/v2\/users\/2"}],"replies":[{"embeddable":true,"href":"https:\/\/stammkoenigartus.de\/index.php?rest_route=%2Fwp%2Fv2%2Fcomments&post=8928"}],"version-history":[{"count":2,"href":"https:\/\/stammkoenigartus.de\/index.php?rest_route=\/wp\/v2\/posts\/8928\/revisions"}],"predecessor-version":[{"id":17832,"href":"https:\/\/stammkoenigartus.de\/index.php?rest_route=\/wp\/v2\/posts\/8928\/revisions\/17832"}],"wp:featuredmedia":[{"embeddable":true,"href":"https:\/\/stammkoenigartus.de\/index.php?rest_route=\/wp\/v2\/media\/17831"}],"wp:attachment":[{"href":"https:\/\/stammkoenigartus.de\/index.php?rest_route=%2Fwp%2Fv2%2Fmedia&parent=8928"}],"wp:term":[{"taxonomy":"category","embeddable":true,"href":"https:\/\/stammkoenigartus.de\/index.php?rest_route=%2Fwp%2Fv2%2Fcategories&post=8928"},{"taxonomy":"post_tag","embeddable":true,"href":"https:\/\/stammkoenigartus.de\/index.php?rest_route=%2Fwp%2Fv2%2Ftags&post=8928"}],"curies":[{"name":"wp","href":"https:\/\/api.w.org\/{rel}","templated":true}]}}