{"id":905,"date":"2012-09-25T00:34:06","date_gmt":"2012-09-24T22:34:06","guid":{"rendered":"http:\/\/stammkoenigartus.de\/?p=905"},"modified":"2023-01-30T19:30:14","modified_gmt":"2023-01-30T18:30:14","slug":"vorraussetzungen-furs-halstuch","status":"publish","type":"post","link":"https:\/\/stammkoenigartus.de\/?p=905","title":{"rendered":"Voraussetzungen f\u00fcrs Halstuch"},"content":{"rendered":"\n<p>Voraussetzungen gibt es bei uns relativ wenige. In anderen St\u00e4mmen muss eine Pr\u00fcfung abgelegt werden. Bei uns gibt es zwei Voraussetzungen, von denen eine erf\u00fcllt werden muss, um beim Stammeslager, das j\u00e4hrlich einmal stattfindet, sein Halstuch verliehen zu bekommen.<\/p>\n<p>Der W\u00f6lfling ist l\u00e4nger als ein Jahr regelm\u00e4\u00dfig bei den Gruppenstunden.<br \/>Der W\u00f6lfling war bei einer Stammesaktion mit mindestens einer \u00dcbernachtung im Vorfeld zugegen und hat daran teilgenommen.<br \/>Eigentlich kein Problem f\u00fcr Diejenigen, die regelm\u00e4\u00dfig da sind.<\/p>\n","protected":false},"excerpt":{"rendered":"<p>Voraussetzungen gibt es bei uns relativ wenige. In anderen St\u00e4mmen muss eine Pr\u00fcfung abgelegt werden. Bei uns gibt es zwei Voraussetzungen, von denen eine erf\u00fcllt &hellip;<\/p>\n","protected":false},"author":2,"featured_media":16161,"comment_status":"open","ping_status":"open","sticky":false,"template":"","format":"standard","meta":{"_monsterinsights_skip_tracking":false,"_monsterinsights_sitenote_active":false,"_monsterinsights_sitenote_note":"","_monsterinsights_sitenote_category":0,"footnotes":""},"categories":[128],"tags":[114,59,63],"class_list":["post-905","post","type-post","status-publish","format-standard","has-post-thumbnail","hentry","category-pfadiwissen","tag-halstuch","tag-voraussetzung","tag-wolfling"],"aioseo_notices":[],"_links":{"self":[{"href":"https:\/\/stammkoenigartus.de\/index.php?rest_route=\/wp\/v2\/posts\/905","targetHints":{"allow":["GET"]}}],"collection":[{"href":"https:\/\/stammkoenigartus.de\/index.php?rest_route=\/wp\/v2\/posts"}],"about":[{"href":"https:\/\/stammkoenigartus.de\/index.php?rest_route=\/wp\/v2\/types\/post"}],"author":[{"embeddable":true,"href":"https:\/\/stammkoenigartus.de\/index.php?rest_route=\/wp\/v2\/users\/2"}],"replies":[{"embeddable":true,"href":"https:\/\/stammkoenigartus.de\/index.php?rest_route=%2Fwp%2Fv2%2Fcomments&post=905"}],"version-history":[{"count":4,"href":"https:\/\/stammkoenigartus.de\/index.php?rest_route=\/wp\/v2\/posts\/905\/revisions"}],"predecessor-version":[{"id":17740,"href":"https:\/\/stammkoenigartus.de\/index.php?rest_route=\/wp\/v2\/posts\/905\/revisions\/17740"}],"wp:featuredmedia":[{"embeddable":true,"href":"https:\/\/stammkoenigartus.de\/index.php?rest_route=\/wp\/v2\/media\/16161"}],"wp:attachment":[{"href":"https:\/\/stammkoenigartus.de\/index.php?rest_route=%2Fwp%2Fv2%2Fmedia&parent=905"}],"wp:term":[{"taxonomy":"category","embeddable":true,"href":"https:\/\/stammkoenigartus.de\/index.php?rest_route=%2Fwp%2Fv2%2Fcategories&post=905"},{"taxonomy":"post_tag","embeddable":true,"href":"https:\/\/stammkoenigartus.de\/index.php?rest_route=%2Fwp%2Fv2%2Ftags&post=905"}],"curies":[{"name":"wp","href":"https:\/\/api.w.org\/{rel}","templated":true}]}}