{"id":9119,"date":"2015-01-08T23:11:43","date_gmt":"2015-01-08T22:11:43","guid":{"rendered":"http:\/\/stammkoenigartus.de\/?p=9119"},"modified":"2023-02-11T10:03:23","modified_gmt":"2023-02-11T09:03:23","slug":"bericht-winterlager-2015","status":"publish","type":"post","link":"https:\/\/stammkoenigartus.de\/?p=9119","title":{"rendered":"Bericht Winterlager 2015"},"content":{"rendered":"<p>Vom 2. bis zum 4. Januar waren 33 Teilnehmer beim Winterlager in Ebermannstadt dabei!<br \/>Nachdem wir unser Festmahl genossen haben, welches die K\u00fcchenfeen um Jens Bl\u00fcchel gezaubert hatten, enth\u00fcllte Sir Reginald seine Entdeckung.\u00a0Ein riesiger Rohdiamant, der zum Schleifen in ein anderes Land \u00fcberf\u00fchrt werden soll. Leider \u00fcberfiel man uns und der Stein wurde gestohlen. Sogleich st\u00fcrmten 30 von uns hinterher und verfolgten die Diebe.\u00a0Gest\u00e4rkt von der Nacht trainierten wir am Tag darauf alles, was man braucht, um dem Professor, der den Stein f\u00fcr einen \u201eRiesenlaser\u201c in den Weltraum schie\u00dfen m\u00f6chte, das Handwerk zu legen.\u00a0Gott sei Dank gab es einen Spitzel in\u00a0dem Team des Professors, der uns an bestimmten Koordinaten Hinweise hinterlassen hat. Wir suchten diese und entschl\u00fcsselten, wo genau sich das geheime Labor des Professors befand.<br \/>Bedauerlicherweise waren 3 von den 6 Gruppen zum Professor \u00fcbergelaufen. Auch in der Endschlacht konnten wir nicht gewinnen. Zum Gl\u00fcck sabotierte der MI6 die Rakete und sie explodierte kurz nach dem Start. Endlich seit vielen Jahren hatten wir Schnee! Neben 33 von uns haben wir die Tradition, welche wir mit dem Stamm Waldl\u00e4ufer aus Grafenw\u00f6hr haben, erneut aufleben lassen. Beide St\u00e4mme harmonieren hervorragend zusammen und viele der Ideen stammen aus der F\u00fchrerrunde des Stamm Waldl\u00e4ufer, der mit 9 Leuten vertreten war. Nat\u00fcrlich gab es auch eine Versprechensfeier. Die Meute Wildschwein wurde aufgel\u00f6st Georg Sinkel trat als neuer Sippenf\u00fchrer an, und bekam das blaue Halstuch! Seinen Sipplingen Richard Fleischmann, Lukas Gehring, Vinzent Vitz und Yannick Stumpf wurde das Lilienabzeichen verliehen. Sie bekamen die Aufgabe zusammen mit Alexander Holzmann am Stammeslager das Pfadfinderversprechen abzulegen. Peter Lindenberger und Adrian Trapper (leider kein Bild) wurden in die Pfadfindergemeinschaft aufgenommen und bekamen das blaue Halstuch. Heinz Schramm, Ramona und Martina Kaufmann wurden zu Rovern.<br \/>Wir freuen uns auf alle Unterst\u00fctzung, die Sie uns geben. Ein Erfolgreiches Winterlager geht zu Ende. Es war ein harmonisches Lager.<\/p>\n\n<style> #grid-gallery-2-73248 .grid-gallery-caption[data-grid-gallery-type=\"show-on-hover\"]:hover figcaption, #grid-gallery-2-73248 .grid-gallery-caption[data-grid-gallery-type=\"show-on-hover\"].hovered figcaption, #grid-gallery-2-73248 .grid-gallery-caption[data-grid-gallery-type=\"show-on-hover\"]:active figcaption { background-color:rgba(0,0,0,0.5) !important; } <\/style> <div id=\"grid-gallery-2-73248\" data-gg-id=\"2\" data-title=\"Bilder Winterlager 2015\" data-grid-type=\"1\" data-offset=\"5\" data-area-position=\"center\" data-icons=\"\" data-preloader=\"\" data-width=\"120\" data-height=\"215\" data-padding=\"\" data-quicksand=\"disabled\" data-quicksand-duration=\"none\" data-popup-theme=\"theme_3\" data-popup-type=\"colorbox\" data-popup-fadeOut=\"300\" data-popup-image-text=\"title\" data-popup-widthsize=\"auto\" data-popup-heightsize=\"auto\" data-popup-i18n-words=\"{&quot;close&quot;:&quot;schlie\\u00dfen&quot;,&quot;next&quot;:&quot;n\\u00e4chste&quot;,&quot;previous&quot;:&quot;vorherige&quot;,&quot;start_slideshow&quot;:&quot;Starte Slideshow&quot;,&quot;stop_slideshow&quot;:&quot;Stoppe Slideshow&quot;,&quot;image&quot;:&quot;Bild&quot;,&quot;of&quot;:&quot;von&quot;,&quot;prev&quot;:&quot;vorherige&quot;,&quot;cExpand&quot;:&quot;Erweitere&quot;,&quot;cPrevious&quot;:&quot;Vorheriges&quot;,&quot;cNext&quot;:&quot;N\\u00e4chstes&quot;,&quot;cExpandStr&quot;:&quot;Erweitere Bild&quot;,&quot;cRotate&quot;:&quot;Rotate&quot;,&quot;cDetails&quot;:&quot;Details&quot;}\" data-popup-slideshow=\"1\" data-popup-slideshow-speed=\"2500\" data-popup-hoverstop=\"true\" data-popup-slideshow-auto=\"true\" data-popup-background=\"\" data-popup-transparency=\"30\" data-popup-disable-history=\"\" data-popup-disable-changed-url=\"\" data-popup-border-type=\"\" data-popup-border-color=\"\" data-popup-border-width=\"\" data-popup-border-enable=\"\" data-fullscreen=\"false\" data-hide-tooltip=\"\" data-caption-font-family=\"\" data-caption-text-size=\"140\" data-is-mobile=\"0\" data-caption-mobile=\"false\" data-hide-long-tltp-title=\"0\" data-caption-disabled-on-mobile=\"false\" data-popup-placement-type=\"0\" data-social-sharing=\"{&quot;enabled&quot;:null,&quot;gallerySharing&quot;:{&quot;enabled&quot;:null,&quot;position&quot;:null},&quot;imageSharing&quot;:{&quot;enabled&quot;:null,&quot;wrapperClass&quot;:&quot; vertical &quot;},&quot;popupSharing&quot;:{&quot;enabled&quot;:null,&quot;wrapperClass&quot;:&quot; vertical &quot;}}\" class=\"grid-gallery grid-gallery-fluid-height \" style=\" width:100%; height:auto; margin-left:auto; margin-right:auto;position:relative;\" data-popup-video=\"null\" data-popup-disable-source-image-for-linked-img=\"0\" data-popup-enable-download-photos-button=\"0\" data-thumbnail-size=\"150x150\"> <div class=\"gallery-loading\"> <div class=\"blocks\"> <div class=\"block\"><\/div> <div class=\"block\"><\/div> <div class=\"block\"><\/div> <div class=\"block\"><\/div> <\/div> <\/div> <div class=\"gallery-sharing-top\" style=\"display:none;\"> <\/div> <div id=\"photos-2\" class=\"grid-gallery-photos\"><a data-attachment-id=\"9468\" id=\"gg-2-11\" class=\"gg-link gg-colorbox \" data-attachment-id=\"9468\" href=\"https:\/\/stammkoenigartus.de\/wp-content\/uploads\/Winterlager-2015-8.jpg?gid=2\" target=\"_self\" title=\"Winterlager 2015 (8)\"  rel=\"lightbox[9119] \" style=\"border-radius:200;\" ><FIGURE data-tags=\"\" data-id=\"11\" class=\"grid-gallery-caption shadow-show\" data-grid-gallery-type=\"quarter-two-step\" data-index=\"0\" style=\"display:none;border:4px dashed black; border-radius:200; box-shadow:2px 4px 5px #000000;; margin:5px; width:1200;\" ><div class=\"crop\" style=\"\"><img decoding=\"async\" src=\"https:\/\/stammkoenigartus.de\/wp-content\/uploads\/Winterlager-2015-8-120x68.jpg\" class=\"ggImg\" alt=\"Winterlager 2015 (8)\" title=\"Winterlager 2015 (8)\" data-description=\"Winterlager 2015 (8)\" data-caption=\"Winterlager 2015\" data-title=\"Winterlager 2015 (8)\" style=\" width:120px; height:215px;\" \/><\/div><FIGCAPTION class=\"\" data-alpha=\"5\" style=\"color:#ffffff; background-color:#000000; font-size:140; text-align:2; font-family:;\" ><div class=\"grid-gallery-figcaption-wrap\" style=\" vertical-align:;\"><div class=\"gg-image-caption fitvidsignore\" style=\"font-size:140;\"><object type=\"none\/none\">Winterlager 2015 <\/object><\/div><\/div><\/FIGCAPTION><\/FIGURE><\/a><a data-attachment-id=\"9471\" id=\"gg-2-16\" class=\"gg-link gg-colorbox \" data-attachment-id=\"9471\" href=\"https:\/\/stammkoenigartus.de\/wp-content\/uploads\/Winterlager-2015-9.jpg?gid=2\" target=\"_self\" title=\"Winterlager 2015 (9)\"  rel=\"lightbox[9119] \" style=\"border-radius:200;\" ><FIGURE data-tags=\"\" data-id=\"16\" class=\"grid-gallery-caption shadow-show\" data-grid-gallery-type=\"quarter-two-step\" data-index=\"1\" style=\"display:none;border:4px dashed black; border-radius:200; box-shadow:2px 4px 5px #000000;; margin:5px; width:1200;\" ><div class=\"crop\" style=\"\"><img decoding=\"async\" src=\"https:\/\/stammkoenigartus.de\/wp-content\/uploads\/Winterlager-2015-9-120x68.jpg\" class=\"ggImg\" alt=\"Winterlager 2015 (9)\" title=\"Winterlager 2015 (9)\" data-description=\"Winterlager 2015 (9)\" data-caption=\"Winterlager 2015\" data-title=\"Winterlager 2015 (9)\" style=\" width:120px; height:215px;\" \/><\/div><FIGCAPTION class=\"\" data-alpha=\"5\" style=\"color:#ffffff; background-color:#000000; font-size:140; text-align:2; font-family:;\" ><div class=\"grid-gallery-figcaption-wrap\" style=\" vertical-align:;\"><div class=\"gg-image-caption fitvidsignore\" style=\"font-size:140;\"><object type=\"none\/none\">Winterlager 2015 <\/object><\/div><\/div><\/FIGCAPTION><\/FIGURE><\/a><a data-attachment-id=\"9469\" id=\"gg-2-15\" class=\"gg-link gg-colorbox \" data-attachment-id=\"9469\" href=\"https:\/\/stammkoenigartus.de\/wp-content\/uploads\/Winterlager-2015-1.jpg?gid=2\" target=\"_self\" title=\"Winterlager 2015 (1)\"  rel=\"lightbox[9119] \" style=\"border-radius:200;\" ><FIGURE data-tags=\"\" data-id=\"15\" class=\"grid-gallery-caption shadow-show\" data-grid-gallery-type=\"quarter-two-step\" data-index=\"2\" style=\"display:none;border:4px dashed black; border-radius:200; box-shadow:2px 4px 5px #000000;; margin:5px; width:1200;\" ><div class=\"crop\" style=\"\"><img decoding=\"async\" src=\"https:\/\/stammkoenigartus.de\/wp-content\/uploads\/Winterlager-2015-1-120x68.jpg\" class=\"ggImg\" alt=\"Winterlager 2015 (1)\" title=\"Winterlager 2015 (1)\" data-description=\"Winterlager 2015 (1)\" data-caption=\"Winterlager 2015\" data-title=\"Winterlager 2015 (1)\" style=\" width:120px; height:215px;\" \/><\/div><FIGCAPTION class=\"\" data-alpha=\"5\" style=\"color:#ffffff; background-color:#000000; font-size:140; text-align:2; font-family:;\" ><div class=\"grid-gallery-figcaption-wrap\" style=\" vertical-align:;\"><div class=\"gg-image-caption fitvidsignore\" style=\"font-size:140;\"><object type=\"none\/none\">Winterlager 2015 <\/object><\/div><\/div><\/FIGCAPTION><\/FIGURE><\/a><a data-attachment-id=\"9467\" id=\"gg-2-12\" class=\"gg-link gg-colorbox \" data-attachment-id=\"9467\" href=\"https:\/\/stammkoenigartus.de\/wp-content\/uploads\/Winterlager-2015-7.jpg?gid=2\" target=\"_self\" title=\"Winterlager 2015 (7)\"  rel=\"lightbox[9119] \" style=\"border-radius:200;\" ><FIGURE data-tags=\"\" data-id=\"12\" class=\"grid-gallery-caption shadow-show\" data-grid-gallery-type=\"quarter-two-step\" data-index=\"3\" style=\"display:none;border:4px dashed black; border-radius:200; box-shadow:2px 4px 5px #000000;; margin:5px; width:1200;\" ><div class=\"crop\" style=\"\"><img decoding=\"async\" src=\"https:\/\/stammkoenigartus.de\/wp-content\/uploads\/Winterlager-2015-7-120x68.jpg\" class=\"ggImg\" alt=\"Winterlager 2015 (7)\" title=\"Winterlager 2015 (7)\" data-description=\"Winterlager 2015 (7)\" data-caption=\"Winterlager 2015\" data-title=\"Winterlager 2015 (7)\" style=\" width:120px; height:215px;\" \/><\/div><FIGCAPTION class=\"\" data-alpha=\"5\" style=\"color:#ffffff; background-color:#000000; font-size:140; text-align:2; font-family:;\" ><div class=\"grid-gallery-figcaption-wrap\" style=\" vertical-align:;\"><div class=\"gg-image-caption fitvidsignore\" style=\"font-size:140;\"><object type=\"none\/none\">Winterlager 2015 <\/object><\/div><\/div><\/FIGCAPTION><\/FIGURE><\/a><a data-attachment-id=\"9465\" id=\"gg-2-13\" class=\"gg-link gg-colorbox \" data-attachment-id=\"9465\" href=\"https:\/\/stammkoenigartus.de\/wp-content\/uploads\/Winterlager-2015-5.jpg?gid=2\" target=\"_self\" title=\"Winterlager 2015 (5)\"  rel=\"lightbox[9119] \" style=\"border-radius:200;\" ><FIGURE data-tags=\"\" data-id=\"13\" class=\"grid-gallery-caption shadow-show\" data-grid-gallery-type=\"quarter-two-step\" data-index=\"4\" style=\"display:none;border:4px dashed black; border-radius:200; box-shadow:2px 4px 5px #000000;; margin:5px; width:1200;\" ><div class=\"crop\" style=\"\"><img decoding=\"async\" src=\"https:\/\/stammkoenigartus.de\/wp-content\/uploads\/Winterlager-2015-5-120x90.jpg\" class=\"ggImg\" alt=\"Winterlager 2015 (5)\" title=\"Winterlager 2015 (5)\" data-description=\"Winterlager 2015 (5)\" data-caption=\"Winterlager 2015\" data-title=\"Winterlager 2015 (5)\" style=\" width:120px; height:215px;\" \/><\/div><FIGCAPTION class=\"\" data-alpha=\"5\" style=\"color:#ffffff; background-color:#000000; font-size:140; text-align:2; font-family:;\" ><div class=\"grid-gallery-figcaption-wrap\" style=\" vertical-align:;\"><div class=\"gg-image-caption fitvidsignore\" style=\"font-size:140;\"><object type=\"none\/none\">Winterlager 2015 <\/object><\/div><\/div><\/FIGCAPTION><\/FIGURE><\/a><a data-attachment-id=\"9463\" id=\"gg-2-14\" class=\"gg-link gg-colorbox \" data-attachment-id=\"9463\" href=\"https:\/\/stammkoenigartus.de\/wp-content\/uploads\/Winterlager-2015-3.jpg?gid=2\" target=\"_self\" title=\"Winterlager 2015 (3)\"  rel=\"lightbox[9119] \" style=\"border-radius:200;\" ><FIGURE data-tags=\"\" data-id=\"14\" class=\"grid-gallery-caption shadow-show\" data-grid-gallery-type=\"quarter-two-step\" data-index=\"5\" style=\"display:none;border:4px dashed black; border-radius:200; box-shadow:2px 4px 5px #000000;; margin:5px; width:1200;\" ><div class=\"crop\" style=\"\"><img decoding=\"async\" src=\"https:\/\/stammkoenigartus.de\/wp-content\/uploads\/Winterlager-2015-3-120x68.jpg\" class=\"ggImg\" alt=\"Winterlager 2015 (3)\" title=\"Winterlager 2015 (3)\" data-description=\"Winterlager 2015 (3)\" data-caption=\"Winterlager 2015\" data-title=\"Winterlager 2015 (3)\" style=\" width:120px; height:215px;\" \/><\/div><FIGCAPTION class=\"\" data-alpha=\"5\" style=\"color:#ffffff; background-color:#000000; font-size:140; text-align:2; font-family:;\" ><div class=\"grid-gallery-figcaption-wrap\" style=\" vertical-align:;\"><div class=\"gg-image-caption fitvidsignore\" style=\"font-size:140;\"><object type=\"none\/none\">Winterlager 2015 <\/object><\/div><\/div><\/FIGCAPTION><\/FIGURE><\/a><a data-attachment-id=\"9470\" id=\"gg-2-18\" class=\"gg-link gg-colorbox \" data-attachment-id=\"9470\" href=\"https:\/\/stammkoenigartus.de\/wp-content\/uploads\/Winterlager-2015-2.jpg?gid=2\" target=\"_self\" title=\"Winterlager 2015 (2)\"  rel=\"lightbox[9119] \" style=\"border-radius:200;\" ><FIGURE data-tags=\"\" data-id=\"18\" class=\"grid-gallery-caption shadow-show\" data-grid-gallery-type=\"quarter-two-step\" data-index=\"6\" style=\"display:none;border:4px dashed black; border-radius:200; box-shadow:2px 4px 5px #000000;; margin:5px; width:1200;\" ><div class=\"crop\" style=\"\"><img decoding=\"async\" src=\"https:\/\/stammkoenigartus.de\/wp-content\/uploads\/Winterlager-2015-2-120x213.jpg\" class=\"ggImg\" alt=\"Winterlager 2015 (2)\" title=\"Winterlager 2015 (2)\" data-description=\"Winterlager 2015 (2)\" data-caption=\"Winterlager 2015 (2)\" data-title=\"Winterlager 2015 (2)\" style=\" width:120px; height:215px;\" \/><\/div><FIGCAPTION class=\"\" data-alpha=\"5\" style=\"color:#ffffff; background-color:#000000; font-size:140; text-align:2; font-family:;\" ><div class=\"grid-gallery-figcaption-wrap\" style=\" vertical-align:;\"><\/div><\/FIGCAPTION><\/FIGURE><\/a><a data-attachment-id=\"9464\" id=\"gg-2-10\" class=\"gg-link gg-colorbox \" data-attachment-id=\"9464\" href=\"https:\/\/stammkoenigartus.de\/wp-content\/uploads\/Winterlager-2015-4.jpg?gid=2\" target=\"_self\" title=\"Winterlager 2015 (4)\"  rel=\"lightbox[9119] \" style=\"border-radius:200;\" ><FIGURE data-tags=\"\" data-id=\"10\" class=\"grid-gallery-caption shadow-show\" data-grid-gallery-type=\"quarter-two-step\" data-index=\"7\" style=\"display:none;border:4px dashed black; border-radius:200; box-shadow:2px 4px 5px #000000;; margin:5px; width:1200;\" ><div class=\"crop\" style=\"\"><img decoding=\"async\" src=\"https:\/\/stammkoenigartus.de\/wp-content\/uploads\/Winterlager-2015-4-120x160.jpg\" class=\"ggImg\" alt=\"Winterlager 2015 (4)\" title=\"Winterlager 2015 (4)\" data-description=\"Winterlager 2015 (4)\" data-caption=\"Winterlager 2015\" data-title=\"Winterlager 2015 (4)\" style=\" width:120px; height:215px;\" \/><\/div><FIGCAPTION class=\"\" data-alpha=\"5\" style=\"color:#ffffff; background-color:#000000; font-size:140; text-align:2; font-family:;\" ><div class=\"grid-gallery-figcaption-wrap\" style=\" vertical-align:;\"><div class=\"gg-image-caption fitvidsignore\" style=\"font-size:140;\"><object type=\"none\/none\">Winterlager 2015 <\/object><\/div><\/div><\/FIGCAPTION><\/FIGURE><\/a><a data-attachment-id=\"9466\" id=\"gg-2-17\" class=\"gg-link gg-colorbox \" data-attachment-id=\"9466\" href=\"https:\/\/stammkoenigartus.de\/wp-content\/uploads\/Winterlager-2015-6.jpg?gid=2\" target=\"_self\" title=\"Winterlager 2015 (6)\"  rel=\"lightbox[9119] \" style=\"border-radius:200;\" ><FIGURE data-tags=\"\" data-id=\"17\" class=\"grid-gallery-caption shadow-show\" data-grid-gallery-type=\"quarter-two-step\" data-index=\"8\" style=\"display:none;border:4px dashed black; border-radius:200; box-shadow:2px 4px 5px #000000;; margin:5px; width:1200;\" ><div class=\"crop\" style=\"\"><img decoding=\"async\" src=\"https:\/\/stammkoenigartus.de\/wp-content\/uploads\/Winterlager-2015-6-120x90.jpg\" class=\"ggImg\" alt=\"Winterlager 2015 (6)\" title=\"Winterlager 2015 (6)\" data-description=\"Winterlager 2015 (6)\" data-caption=\"Winterlager 2015\" data-title=\"Winterlager 2015 (6)\" style=\" width:120px; height:215px;\" \/><\/div><FIGCAPTION class=\"\" data-alpha=\"5\" style=\"color:#ffffff; background-color:#000000; font-size:140; text-align:2; font-family:;\" ><div class=\"grid-gallery-figcaption-wrap\" style=\" vertical-align:;\"><div class=\"gg-image-caption fitvidsignore\" style=\"font-size:140;\"><object type=\"none\/none\">Winterlager 2015 <\/object><\/div><\/div><\/FIGCAPTION><\/FIGURE><\/a><a id=\"gg-2-19\" class=\"gg-link \" data-attachment-id=\"6343\" href=\"https:\/\/stammkoenigartus.de\/?p=10333\" target=\"_self\" title=\"bericht\" rel=\"\" data-type=\"link\" style=\"border-radius:200;\" ><FIGURE data-tags=\"\" data-id=\"19\" class=\"grid-gallery-caption shadow-show\" data-grid-gallery-type=\"quarter-two-step\" data-index=\"9\" style=\"display:none;border:4px dashed black; border-radius:200; box-shadow:2px 4px 5px #000000;; margin:5px; width:1200;\" ><div class=\"crop\" style=\"\"><img decoding=\"async\" src=\"https:\/\/stammkoenigartus.de\/wp-content\/uploads\/bericht-120x128.gif\" class=\"ggImg\" alt=\"bericht\" title=\"bericht\" data-description=\"bericht\" data-caption=\"Ein kleiner Bericht:\" data-title=\"bericht\" style=\" width:120px; height:215px;\" \/><\/div><FIGCAPTION class=\"\" data-alpha=\"5\" style=\"color:#ffffff; background-color:#000000; font-size:140; text-align:2; font-family:;\" ><div class=\"grid-gallery-figcaption-wrap\" style=\" vertical-align:;\"><div class=\"gg-image-caption fitvidsignore\" style=\"font-size:140;\"><object type=\"none\/none\">Ein kleiner Bericht: <\/object><\/div><\/div><\/FIGCAPTION><\/FIGURE><\/a> <div class=\"grid-gallery-clearfix\"><\/div> <\/div> <div class=\"gallery-sharing-bottom\" style=\"display:none;\"> <\/div> <div class=\"gallery-sharing-image\" style=\"display:none;\"> <\/div> <div class=\"gallery-sharing-popup\" style=\"display:none;\"> <\/div> <div class=\"grid-gallery-clearfix\"><\/div> <\/div> <!-- Gallery by Supsystic plugin1.16.0 \/2.10.00 --> <style> <\/style><a title=\"\" style=\"display:none;\" href=\"https:\/\/supsystic.com\/plugins\/photo-gallery\/?utm_medium=love_link\" target=\"_blank\"><\/a>\n","protected":false},"excerpt":{"rendered":"<p>Vom 2. bis zum 4. Januar waren 33 Teilnehmer beim Winterlager in Ebermannstadt dabei!Nachdem wir unser Festmahl genossen haben, welches die K\u00fcchenfeen um Jens Bl\u00fcchel &hellip;<\/p>\n","protected":false},"author":2,"featured_media":9121,"comment_status":"open","ping_status":"open","sticky":false,"template":"","format":"standard","meta":{"_monsterinsights_skip_tracking":false,"_monsterinsights_sitenote_active":false,"_monsterinsights_sitenote_note":"","_monsterinsights_sitenote_category":0,"footnotes":""},"categories":[136,132,137,130,131],"tags":[],"class_list":["post-9119","post","type-post","status-publish","format-standard","has-post-thumbnail","hentry","category-pfadfinder","category-rover","category-stamm","category-unsere-aktionen","category-woelflinge"],"aioseo_notices":[],"_links":{"self":[{"href":"https:\/\/stammkoenigartus.de\/index.php?rest_route=\/wp\/v2\/posts\/9119","targetHints":{"allow":["GET"]}}],"collection":[{"href":"https:\/\/stammkoenigartus.de\/index.php?rest_route=\/wp\/v2\/posts"}],"about":[{"href":"https:\/\/stammkoenigartus.de\/index.php?rest_route=\/wp\/v2\/types\/post"}],"author":[{"embeddable":true,"href":"https:\/\/stammkoenigartus.de\/index.php?rest_route=\/wp\/v2\/users\/2"}],"replies":[{"embeddable":true,"href":"https:\/\/stammkoenigartus.de\/index.php?rest_route=%2Fwp%2Fv2%2Fcomments&post=9119"}],"version-history":[{"count":11,"href":"https:\/\/stammkoenigartus.de\/index.php?rest_route=\/wp\/v2\/posts\/9119\/revisions"}],"predecessor-version":[{"id":18023,"href":"https:\/\/stammkoenigartus.de\/index.php?rest_route=\/wp\/v2\/posts\/9119\/revisions\/18023"}],"wp:featuredmedia":[{"embeddable":true,"href":"https:\/\/stammkoenigartus.de\/index.php?rest_route=\/wp\/v2\/media\/9121"}],"wp:attachment":[{"href":"https:\/\/stammkoenigartus.de\/index.php?rest_route=%2Fwp%2Fv2%2Fmedia&parent=9119"}],"wp:term":[{"taxonomy":"category","embeddable":true,"href":"https:\/\/stammkoenigartus.de\/index.php?rest_route=%2Fwp%2Fv2%2Fcategories&post=9119"},{"taxonomy":"post_tag","embeddable":true,"href":"https:\/\/stammkoenigartus.de\/index.php?rest_route=%2Fwp%2Fv2%2Ftags&post=9119"}],"curies":[{"name":"wp","href":"https:\/\/api.w.org\/{rel}","templated":true}]}}